{"id":2994,"date":"2023-01-26T12:45:43","date_gmt":"2023-01-26T11:45:43","guid":{"rendered":"https:\/\/www.fourchette.com\/park-adrem-eerlijke-gerechten-in-een-gezellige-authentieke-sfeer\/"},"modified":"2023-03-31T15:32:40","modified_gmt":"2023-03-31T13:32:40","slug":"park-adrem-eerlijke-gerechten-in-een-gezellige-authentieke-sfeer","status":"publish","type":"post","link":"https:\/\/www.fourchette.com\/fr\/park-adrem-eerlijke-gerechten-in-een-gezellige-authentieke-sfeer\/","title":{"rendered":"Park Adrem &#8211; Des plats honn\u00eates, dans une atmosph\u00e8re chaleureuse et authentique."},"content":{"rendered":"<div class=\"wpb-content-wrapper\">[vc_row ][vc_column width=\u00a0\u00bb1\/2&Prime;]<style>.vcex-image-grid.vcex_69f4aa51947db{--wpex-row-gap:0px;}<\/style><div class=\"vcex-image-grid-wrap\"><div class=\"vcex-module vcex-image-grid grid-style-no-margins wpex-row wpex-clr vcex-isotope-grid no-transition wpex-overflow-hidden vcex-no-margin-grid vcex_69f4aa51947db\" data-transition-duration=\"0.0\"><div class=\"id-2854 vcex-image-grid-entry vcex-grid-item vcex-isotope-entry wpex-text-center vcex-no-margin-entry span_1_of_2 col col-1\"><figure class=\"vcex-image-grid-entry-figure wpex-last-mb-0 wpex-clr\"><div class=\"vcex-image-grid-entry-img entry-media wpex-relative wpex-mb-20\"><img data-no-lazy=\"1\" class=\"wpex-align-middle skip-lazy\" src=\"https:\/\/www.fourchette.com\/wp-content\/uploads\/sites\/2\/2023\/01\/Fourchette_Park-Adrem_telogo-400x800.jpg\" alt=\"\" width=\"400\" height=\"800\"><\/div><\/figure><\/div><div class=\"id-2852 vcex-image-grid-entry vcex-grid-item vcex-isotope-entry wpex-text-center vcex-no-margin-entry span_1_of_2 col col-2\"><figure class=\"vcex-image-grid-entry-figure wpex-last-mb-0 wpex-clr\"><div class=\"vcex-image-grid-entry-img entry-media wpex-relative wpex-mb-20\"><img data-no-lazy=\"1\" class=\"wpex-align-middle skip-lazy\" src=\"https:\/\/www.fourchette.com\/wp-content\/uploads\/sites\/2\/2023\/01\/Fourchette_Park-Adrem_tapas-400x800.jpg\" alt=\"\" width=\"400\" height=\"800\"><\/div><\/figure><\/div><\/div><\/div>[\/vc_column][vc_column width=\u00a0\u00bb1\/2&Prime; ]<style>.vcex-heading.vcex_69f4aa51999b7{width:80%;}<\/style><h2 class=\"vcex-heading vcex-heading-plain vcex-module wpex-heading wpex-text-2xl wpex-h2 wpex-max-w-100 wpex-mr-auto golden vcex_69f4aa51999b7\"><span class=\"vcex-heading-inner wpex-inline-block\">Park Adrem est synonyme d'authenticit\u00e9, de solidit\u00e9 et de confiance.<\/span><\/h2><div class=\"vcex-spacing wpex-w-100 wpex-clear\"><\/div>[vc_column_text width=\u00a0\u00bb80%\u00a0\u00bb align=\u00a0\u00bbleft\u00a0\u00bb]Lorsqu&rsquo;en mai 2020, l&rsquo;ancienne remise du ch\u00e2teau dans le Heldenpark \u00e0 Eeklo a \u00e9t\u00e9 mise en vente, Inge et Michiel n&rsquo;ont pas h\u00e9sit\u00e9 un instant. C&rsquo;\u00e9tait le moment id\u00e9al pour r\u00e9aliser leur r\u00eave de longue date et ce lieu r\u00e9pondait \u00e0 toutes leurs exigences. Il respirait l&rsquo;authenticit\u00e9 et sa situation au milieu d&rsquo;un parc fantastique \u00e9tait un atout de taille.<\/p>\n<p>Apr\u00e8s un an de travaux, les portes de Park Adrem se sont ouvertes pour la premi\u00e8re fois en ao\u00fbt 2021. La d\u00e9coration int\u00e9rieure a conserv\u00e9 de nombreux \u00e9l\u00e9ments authentiques et tout a \u00e9t\u00e9 d\u00e9cor\u00e9 avec des mat\u00e9riaux doux et naturels, ce qui conf\u00e8re \u00e0 l&rsquo;int\u00e9rieur du Park Adrem une atmosph\u00e8re chaleureuse et authentique. L&rsquo;atmosph\u00e8re est d\u00e9contract\u00e9e, la nourriture est honn\u00eate et l&rsquo;int\u00e9rieur est tr\u00e8s pris\u00e9 sur Instagram.[\/vc_column_text][\/vc_column][\/vc_row][vc_row full_width=\u00a0\u00bbstretch_row\u00a0\u00bb equal_height=\u00a0\u00bbyes\u00a0\u00bb el_class=\u00a0\u00bbgold-gradient-row\u00a0\u00bb][vc_column width=\u00a0\u00bb1\/2&Prime;]<h1 class=\"vcex-heading vcex-heading-plain vcex-module wpex-heading wpex-text-2xl wpex-h1\"><span class=\"vcex-heading-inner wpex-inline-block\">Nous ne nous souvenons pas des jours, mais des moments.<\/span><\/h1>[\/vc_column][vc_column width=\u00a0\u00bb1\/2&Prime;][vc_column_text]La citation de Fourchette qui refl\u00e8te le mieux la philosophie de Park Adrem est la suivante : \u00ab\u00a0Nous ne nous souvenons pas des jours, nous nous souvenons des moments\u00a0\u00bb. C&rsquo;est pr\u00e9cis\u00e9ment ces moments que l&rsquo;\u00e9quipe s&rsquo;efforce de cr\u00e9er encore et encore. Les moments o\u00f9 l&rsquo;on peut d\u00e9guster un plat honn\u00eate avec un groupe d&rsquo;amis ou une famille.<\/p>\n<p>Et justement, Fourchette s&rsquo;inscrit parfaitement dans ce cadre, car les saveurs honn\u00eates des plats se marient tr\u00e8s bien avec la palette de saveurs \u00e9quilibr\u00e9e de Fourchette. De cette mani\u00e8re, de nombreux clients trouvent le chemin de Fourchette. Que ce soit en combinaison avec les plats \u00e0 partager ou dans le cadre d&rsquo;un moment de d\u00e9tente sur la terrasse ensoleill\u00e9e.[\/vc_column_text][\/vc_column][\/vc_row][vc_row ][vc_column width=\u00a0\u00bb1\/2&Prime; ]<style>.vcex-heading.vcex_69f4aa519a372{width:80%;}<\/style><h1 class=\"vcex-heading vcex-heading-plain vcex-module wpex-heading wpex-text-2xl wpex-h1 wpex-max-w-100 wpex-mr-auto golden vcex_69f4aa519a372\"><span class=\"vcex-heading-inner wpex-inline-block\">L'endroit id\u00e9al pour le partage de nourriture<\/span><\/h1><div class=\"vcex-spacing wpex-w-100 wpex-clear\"><\/div>[vc_column_text width=\u00a0\u00bb80%\u00a0\u00bb align=\u00a0\u00bbleft\u00a0\u00bb]A l&rsquo;image de l&rsquo;int\u00e9rieur, l&rsquo;\u00e9quipe men\u00e9e par Inge et la chef Nathalie propose un concept qui respire la convivialit\u00e9. Le partage de nourriture s&rsquo;inscrit tout \u00e0 fait dans ce contexte : les invit\u00e9s peuvent commander et partager des plats avec leurs voisins de table \u00e0 leur propre rythme.<\/p>\n<p>M\u00eame \u00e0 travers la cuisine qu&rsquo;ils proposent, ils essaient de pousser l&rsquo;authenticit\u00e9 le plus loin possible. Pas de haute cuisine, mais des plats d\u00e9licieusement honn\u00eates. Vous pouvez d\u00e9guster une s\u00e9lection de petits plats \u00e0 partager, mais il y a aussi un menu classique avec des plats comme les joues de porc et le vol-au-vent. En guise de \u00ab\u00a0plat signature\u00a0\u00bb, l&rsquo;\u00e9quipe aime servir les bruschettas chaudes (une au poulet \u00e9pic\u00e9, une au saumon et une au jambon serrano). Ce plat repr\u00e9sente une v\u00e9ritable cuisine r\u00e9confortante avec des saveurs pures \u00e0 partager.<\/p>\n<p><em><br \/>\n  <strong>Oostveldstraat 93, 9900 Eeklo<\/strong><br \/>\n<\/em><em><br \/>\n  <strong><br \/>\nJuillet et ao\u00fbt :<\/strong><br \/>\n<\/em><em><strong><br \/>\n<\/strong><\/em><em><strong>Mercredi &#8211; Dimanche ouvert de 14:00 &#8211; 23:00<br \/>\n<\/strong><\/em><\/p>\n<p><strong><br \/>\n  <em>Le reste de l&rsquo;ann\u00e9e :<\/em><br \/>\n<\/strong><em><br \/>\n  <strong><br \/>\nDu jeudi au samedi, ouvert de 17h30 \u00e0 23h00<\/strong><br \/>\n<\/em><br \/>\n<em><strong>Dimanche ouvert en continu de 14h00 \u00e0 23h00<\/strong><\/em><\/p>\n<p><a href=\"https:\/\/www.parkadrem.be\/\" target=\"_blank\" rel=\"noopener\">www.parkadrem.be<\/a>[\/vc_column_text][\/vc_column][vc_column width=\u00a0\u00bb1\/2&Prime;]<style>.vcex-image-grid.vcex_69f4aa519a964{--wpex-row-gap:0px;}<\/style><div class=\"vcex-image-grid-wrap\"><div class=\"vcex-module vcex-image-grid grid-style-no-margins wpex-row wpex-clr vcex-isotope-grid no-transition wpex-overflow-hidden vcex-no-margin-grid vcex_69f4aa519a964\" data-transition-duration=\"0.0\"><div class=\"id-2848 vcex-image-grid-entry vcex-grid-item vcex-isotope-entry wpex-text-center vcex-no-margin-entry span_1_of_2 col col-1\"><figure class=\"vcex-image-grid-entry-figure wpex-last-mb-0 wpex-clr\"><div class=\"vcex-image-grid-entry-img entry-media wpex-relative wpex-mb-20\"><img data-no-lazy=\"1\" class=\"wpex-align-middle skip-lazy\" src=\"https:\/\/www.fourchette.com\/wp-content\/uploads\/sites\/2\/2023\/01\/Fourchette_Park-Adrem_bier-400x800.jpg\" alt=\"\" width=\"400\" height=\"800\"><\/div><\/figure><\/div><div class=\"id-2626 vcex-image-grid-entry vcex-grid-item vcex-isotope-entry wpex-text-center vcex-no-margin-entry span_1_of_2 col col-2\"><figure class=\"vcex-image-grid-entry-figure wpex-last-mb-0 wpex-clr\"><div class=\"vcex-image-grid-entry-img entry-media wpex-relative wpex-mb-20\"><img data-no-lazy=\"1\" class=\"wpex-align-middle skip-lazy\" alt=\"Fourchette - packshot - 33cl\" src=\"https:\/\/www.fourchette.com\/wp-content\/uploads\/sites\/2\/2022\/12\/FOURCHETTE_BOTTLE_33cl_STILL_HR_04-scaled-400x800.jpg\" width=\"400\" height=\"800\"><\/div><\/figure><\/div><\/div><\/div>[\/vc_column][\/vc_row]\n<\/div>","protected":false},"excerpt":{"rendered":"<p>[vc_row ][vc_column width=\u00a0\u00bb1\/2&Prime;][\/vc_column][vc_column width=\u00a0\u00bb1\/2&Prime; ][vc_column_text width=\u00a0\u00bb80%\u00a0\u00bb align=\u00a0\u00bbleft\u00a0\u00bb]Lorsqu&rsquo;en mai 2020, l&rsquo;ancienne remise du ch\u00e2teau dans le Heldenpark \u00e0 Eeklo a \u00e9t\u00e9 mise en vente, Inge et Michiel n&rsquo;ont pas h\u00e9sit\u00e9 un instant. C&rsquo;\u00e9tait le moment id\u00e9al pour r\u00e9aliser leur r\u00eave de longue date et ce lieu r\u00e9pondait \u00e0 toutes leurs exigences. Il respirait l&rsquo;authenticit\u00e9 et sa&hellip;<\/p>\n","protected":false},"author":2,"featured_media":2852,"comment_status":"open","ping_status":"open","sticky":false,"template":"","format":"standard","meta":{"_acf_changed":false,"_analytify_skip_tracking":false,"footnotes":""},"categories":[52],"tags":[],"class_list":["post-2994","post","type-post","status-publish","format-standard","has-post-thumbnail","hentry","category-chefs-places-fr","entry","no-media"],"acf":[],"_links":{"self":[{"href":"https:\/\/www.fourchette.com\/fr\/wp-json\/wp\/v2\/posts\/2994","targetHints":{"allow":["GET"]}}],"collection":[{"href":"https:\/\/www.fourchette.com\/fr\/wp-json\/wp\/v2\/posts"}],"about":[{"href":"https:\/\/www.fourchette.com\/fr\/wp-json\/wp\/v2\/types\/post"}],"author":[{"embeddable":true,"href":"https:\/\/www.fourchette.com\/fr\/wp-json\/wp\/v2\/users\/2"}],"replies":[{"embeddable":true,"href":"https:\/\/www.fourchette.com\/fr\/wp-json\/wp\/v2\/comments?post=2994"}],"version-history":[{"count":3,"href":"https:\/\/www.fourchette.com\/fr\/wp-json\/wp\/v2\/posts\/2994\/revisions"}],"predecessor-version":[{"id":3216,"href":"https:\/\/www.fourchette.com\/fr\/wp-json\/wp\/v2\/posts\/2994\/revisions\/3216"}],"wp:featuredmedia":[{"embeddable":true,"href":"https:\/\/www.fourchette.com\/fr\/wp-json\/wp\/v2\/media\/2852"}],"wp:attachment":[{"href":"https:\/\/www.fourchette.com\/fr\/wp-json\/wp\/v2\/media?parent=2994"}],"wp:term":[{"taxonomy":"category","embeddable":true,"href":"https:\/\/www.fourchette.com\/fr\/wp-json\/wp\/v2\/categories?post=2994"},{"taxonomy":"post_tag","embeddable":true,"href":"https:\/\/www.fourchette.com\/fr\/wp-json\/wp\/v2\/tags?post=2994"}],"curies":[{"name":"wp","href":"https:\/\/api.w.org\/{rel}","templated":true}]}}