{"id":2998,"date":"2022-12-20T11:14:16","date_gmt":"2022-12-20T10:14:16","guid":{"rendered":"https:\/\/www.fourchette.com\/chef-bart-tastenhoye-taste-leuven\/"},"modified":"2023-03-31T15:32:44","modified_gmt":"2023-03-31T13:32:44","slug":"chef-bart-tastenhoye-taste-leuven","status":"publish","type":"post","link":"https:\/\/www.fourchette.com\/fr\/chef-bart-tastenhoye-taste-leuven\/","title":{"rendered":"Chef Bart Tastenhoye Go\u00fbt Leuven"},"content":{"rendered":"<div class=\"wpb-content-wrapper\">[vc_row ][vc_column width=\u00a0\u00bb1\/2&Prime;]<style>.vcex-image-grid.vcex_69f1fe25d5afe{--wpex-row-gap:0px;}<\/style><div class=\"vcex-image-grid-wrap\"><div class=\"vcex-module vcex-image-grid grid-style-no-margins wpex-row wpex-clr vcex-isotope-grid no-transition wpex-overflow-hidden vcex-no-margin-grid vcex_69f1fe25d5afe\" data-transition-duration=\"0.0\"><div class=\"id-2818 vcex-image-grid-entry vcex-grid-item vcex-isotope-entry wpex-text-center vcex-no-margin-entry span_1_of_2 col col-1\"><figure class=\"vcex-image-grid-entry-figure wpex-last-mb-0 wpex-clr\"><div class=\"vcex-image-grid-entry-img entry-media wpex-relative wpex-mb-20\"><img data-no-lazy=\"1\" class=\"wpex-align-middle skip-lazy\" src=\"https:\/\/www.fourchette.com\/wp-content\/uploads\/sites\/2\/2022\/12\/Bart-Tastenhoye-van-Taste-Leuven-Bord-dresseren-scaled-400x800.jpg\" alt=\"\" width=\"400\" height=\"800\"><\/div><\/figure><\/div><div class=\"id-2822 vcex-image-grid-entry vcex-grid-item vcex-isotope-entry wpex-text-center vcex-no-margin-entry span_1_of_2 col col-2\"><figure class=\"vcex-image-grid-entry-figure wpex-last-mb-0 wpex-clr\"><div class=\"vcex-image-grid-entry-img entry-media wpex-relative wpex-mb-20\"><img data-no-lazy=\"1\" class=\"wpex-align-middle skip-lazy\" src=\"https:\/\/www.fourchette.com\/wp-content\/uploads\/sites\/2\/2022\/12\/Fourchette_taste_leuven_bart_tastenhoye-400x800.jpg\" alt=\"\" width=\"400\" height=\"800\"><\/div><\/figure><\/div><\/div><\/div>[\/vc_column][vc_column width=\u00a0\u00bb1\/2&Prime; ]<style>.vcex-heading.vcex_69f1fe25d970e{width:80%;}<\/style><h2 class=\"vcex-heading vcex-heading-plain vcex-module wpex-heading wpex-text-2xl wpex-h2 wpex-max-w-100 wpex-mr-auto golden vcex_69f1fe25d970e\"><span class=\"vcex-heading-inner wpex-inline-block\">Rock-'n-roll motherf*ckers. C'est une philosophie de vie<\/span><\/h2><div class=\"vcex-spacing wpex-w-100 wpex-clear\"><\/div>[vc_column_text width=\u00a0\u00bb80%\u00a0\u00bb align=\u00a0\u00bbleft\u00a0\u00bb]Bart Tastenhoye, chef cuisinier de la mer du Nord, dirige avec sa compagne Doroth\u00e9e Hoste le restaurant Taste \u00e0 Louvain et le Chalet Taste \u00e0 Tervuren.<\/p>\n<p>Une description de la cuisine ? Des d\u00e9lices gastronomiques avec une touche de boh\u00e8me. Une cuisine de produits avec des \u0153uvres d&rsquo;art fra\u00eeches dans votre assiette chaque jour. Une inspiration classique sans compromis sur l&rsquo;ingr\u00e9dient principal du menu. Associ\u00e9 \u00e0 un accueil personnalis\u00e9, \u00e0 un int\u00e9rieur de pointe et \u00e0 des ambiances chaleureuses, ce concept permet de vivre une exp\u00e9rience culinaire totale.[\/vc_column_text][\/vc_column][\/vc_row][vc_row full_width=\u00a0\u00bbstretch_row\u00a0\u00bb equal_height=\u00a0\u00bbyes\u00a0\u00bb el_class=\u00a0\u00bbgold-gradient-row\u00a0\u00bb][vc_column width=\u00a0\u00bb1\/2&Prime;]<h1 class=\"vcex-heading vcex-heading-plain vcex-module wpex-heading wpex-text-2xl wpex-h1\"><span class=\"vcex-heading-inner wpex-inline-block\">L'id\u00e9al pour Fourchette est mon menu de rougets et de calamars.<\/span><\/h1>[\/vc_column][vc_column width=\u00a0\u00bb1\/2&Prime;][vc_column_text]k l&rsquo;accompagne d&rsquo;un savoureux g\u00e2teau de velours rubis \u00e0 base d&rsquo;amandes, de betteraves et de citrons confits. Une texture de radis et la vinaigrette de vinaigre de Chardonnay et radis compl\u00e8tent ce menu.<\/p>\n<p>Un plat frais qui s&rsquo;accorde parfaitement avec le caract\u00e8re floral et fruit\u00e9 de la Fourchette. En tant que chef cuisinier de la mer du Nord, je trouve personnellement qu&rsquo;il est tr\u00e8s important de travailler avec du poisson provenant de notre propre mer du Nord. Ces produits purs, tels que le grondin rouge, la raie et le germon, sont d\u00e9licieux \u00e0 travailler et nous apportons ainsi notre soutien \u00e0 la lutte contre la surp\u00eache.[\/vc_column_text][\/vc_column][\/vc_row][vc_row ][vc_column width=\u00a0\u00bb1\/2&Prime; ]<style>.vcex-heading.vcex_69f1fe25da06e{width:80%;}<\/style><h1 class=\"vcex-heading vcex-heading-plain vcex-module wpex-heading wpex-text-2xl wpex-h1 wpex-max-w-100 wpex-mr-auto golden vcex_69f1fe25da06e\"><span class=\"vcex-heading-inner wpex-inline-block\">Le Chalet Taste est un concept diff\u00e9rent, mais tr\u00e8s proche.<\/span><\/h1><div class=\"vcex-spacing wpex-w-100 wpex-clear\"><\/div>[vc_column_text width=\u00a0\u00bb80%\u00a0\u00bb align=\u00a0\u00bbleft\u00a0\u00bb]Il s&rsquo;agit d&rsquo;un lieu de rencontre moderne en pleine nature o\u00f9 vous pouvez vous r\u00e9unir avec vos amis, votre famille ou vos coll\u00e8gues (pour des \u00e9v\u00e9nements priv\u00e9s ou professionnels). En outre, vos papilles gustatives seront \u00e9galement mises en \u00e9veil gr\u00e2ce \u00e0 notre livre de cuisine accompagn\u00e9 par moi-m\u00eame, plusieurs chefs invit\u00e9s ou des professeurs.<\/p>\n<p>Les r\u00e9servations peuvent \u00eatre faites \u00e0 l&rsquo;avance sur le site <a href=\"https:\/\/www.leuventaste.be\/\" target=\"_blank\" rel=\"noopener\">www.leuventaste.be<\/a>.<\/p>\n<p>Sant\u00e9.<\/p>\n<p>Bart Tastenhoye[\/vc_column_text][\/vc_column][vc_column width=\u00a0\u00bb1\/2&Prime;]<style>.vcex-image-grid.vcex_69f1fe25da53c{--wpex-row-gap:0px;}<\/style><div class=\"vcex-image-grid-wrap\"><div class=\"vcex-module vcex-image-grid grid-style-no-margins wpex-row wpex-clr vcex-isotope-grid no-transition wpex-overflow-hidden vcex-no-margin-grid vcex_69f1fe25da53c\" data-transition-duration=\"0.0\"><div class=\"id-2822 vcex-image-grid-entry vcex-grid-item vcex-isotope-entry wpex-text-center vcex-no-margin-entry span_1_of_2 col col-1\"><figure class=\"vcex-image-grid-entry-figure wpex-last-mb-0 wpex-clr\"><div class=\"vcex-image-grid-entry-img entry-media wpex-relative wpex-mb-20\"><img data-no-lazy=\"1\" class=\"wpex-align-middle skip-lazy\" src=\"https:\/\/www.fourchette.com\/wp-content\/uploads\/sites\/2\/2022\/12\/Fourchette_taste_leuven_bart_tastenhoye-400x800.jpg\" alt=\"\" width=\"400\" height=\"800\"><\/div><\/figure><\/div><div class=\"id-2626 vcex-image-grid-entry vcex-grid-item vcex-isotope-entry wpex-text-center vcex-no-margin-entry span_1_of_2 col col-2\"><figure class=\"vcex-image-grid-entry-figure wpex-last-mb-0 wpex-clr\"><div class=\"vcex-image-grid-entry-img entry-media wpex-relative wpex-mb-20\"><img data-no-lazy=\"1\" class=\"wpex-align-middle skip-lazy\" alt=\"Fourchette - packshot - 33cl\" src=\"https:\/\/www.fourchette.com\/wp-content\/uploads\/sites\/2\/2022\/12\/FOURCHETTE_BOTTLE_33cl_STILL_HR_04-scaled-400x800.jpg\" width=\"400\" height=\"800\"><\/div><\/figure><\/div><\/div><\/div>[\/vc_column][\/vc_row]\n<\/div>","protected":false},"excerpt":{"rendered":"<p>[vc_row ][vc_column width=\u00a0\u00bb1\/2&Prime;][\/vc_column][vc_column width=\u00a0\u00bb1\/2&Prime; ][vc_column_text width=\u00a0\u00bb80%\u00a0\u00bb align=\u00a0\u00bbleft\u00a0\u00bb]Bart Tastenhoye, chef cuisinier de la mer du Nord, dirige avec sa compagne Doroth\u00e9e Hoste le restaurant Taste \u00e0 Louvain et le Chalet Taste \u00e0 Tervuren. Une description de la cuisine ? Des d\u00e9lices gastronomiques avec une touche de boh\u00e8me. Une cuisine de produits avec des \u0153uvres d&rsquo;art fra\u00eeches&hellip;<\/p>\n","protected":false},"author":2,"featured_media":2822,"comment_status":"open","ping_status":"open","sticky":false,"template":"","format":"standard","meta":{"_acf_changed":false,"_analytify_skip_tracking":false,"footnotes":""},"categories":[52],"tags":[],"class_list":["post-2998","post","type-post","status-publish","format-standard","has-post-thumbnail","hentry","category-chefs-places-fr","entry","no-media"],"acf":[],"_links":{"self":[{"href":"https:\/\/www.fourchette.com\/fr\/wp-json\/wp\/v2\/posts\/2998","targetHints":{"allow":["GET"]}}],"collection":[{"href":"https:\/\/www.fourchette.com\/fr\/wp-json\/wp\/v2\/posts"}],"about":[{"href":"https:\/\/www.fourchette.com\/fr\/wp-json\/wp\/v2\/types\/post"}],"author":[{"embeddable":true,"href":"https:\/\/www.fourchette.com\/fr\/wp-json\/wp\/v2\/users\/2"}],"replies":[{"embeddable":true,"href":"https:\/\/www.fourchette.com\/fr\/wp-json\/wp\/v2\/comments?post=2998"}],"version-history":[{"count":3,"href":"https:\/\/www.fourchette.com\/fr\/wp-json\/wp\/v2\/posts\/2998\/revisions"}],"predecessor-version":[{"id":3231,"href":"https:\/\/www.fourchette.com\/fr\/wp-json\/wp\/v2\/posts\/2998\/revisions\/3231"}],"wp:featuredmedia":[{"embeddable":true,"href":"https:\/\/www.fourchette.com\/fr\/wp-json\/wp\/v2\/media\/2822"}],"wp:attachment":[{"href":"https:\/\/www.fourchette.com\/fr\/wp-json\/wp\/v2\/media?parent=2998"}],"wp:term":[{"taxonomy":"category","embeddable":true,"href":"https:\/\/www.fourchette.com\/fr\/wp-json\/wp\/v2\/categories?post=2998"},{"taxonomy":"post_tag","embeddable":true,"href":"https:\/\/www.fourchette.com\/fr\/wp-json\/wp\/v2\/tags?post=2998"}],"curies":[{"name":"wp","href":"https:\/\/api.w.org\/{rel}","templated":true}]}}