{"id":3000,"date":"2022-12-16T13:53:40","date_gmt":"2022-12-16T12:53:40","guid":{"rendered":"https:\/\/www.fourchette.com\/chef-lode-verheyen-van-de-farmasie\/"},"modified":"2023-03-31T15:32:42","modified_gmt":"2023-03-31T13:32:42","slug":"chef-lode-verheyen-van-de-farmasie","status":"publish","type":"post","link":"https:\/\/www.fourchette.com\/fr\/chef-lode-verheyen-van-de-farmasie\/","title":{"rendered":"Chef Lode Verheyen de De Farmasie"},"content":{"rendered":"<div class=\"wpb-content-wrapper\">[vc_row ][vc_column width=\u00a0\u00bb1\/2&Prime;]<style>.vcex-image-grid.vcex_69f3997077511{--wpex-row-gap:0px;}<\/style><div class=\"vcex-image-grid-wrap\"><div class=\"vcex-module vcex-image-grid grid-style-no-margins wpex-row wpex-clr vcex-isotope-grid no-transition wpex-overflow-hidden vcex-no-margin-grid vcex_69f3997077511\" data-transition-duration=\"0.0\"><div class=\"id-2812 vcex-image-grid-entry vcex-grid-item vcex-isotope-entry wpex-text-center vcex-no-margin-entry span_1_of_2 col col-1\"><figure class=\"vcex-image-grid-entry-figure wpex-last-mb-0 wpex-clr\"><div class=\"vcex-image-grid-entry-img entry-media wpex-relative wpex-mb-20\"><img data-no-lazy=\"1\" class=\"wpex-align-middle skip-lazy\" src=\"https:\/\/www.fourchette.com\/wp-content\/uploads\/sites\/2\/2022\/12\/Lode-Verheyen-Tarmasie-Fourchette_01-400x800.jpg\" alt=\"\" width=\"400\" height=\"800\"><\/div><\/figure><\/div><div class=\"id-2814 vcex-image-grid-entry vcex-grid-item vcex-isotope-entry wpex-text-center vcex-no-margin-entry span_1_of_2 col col-2\"><figure class=\"vcex-image-grid-entry-figure wpex-last-mb-0 wpex-clr\"><div class=\"vcex-image-grid-entry-img entry-media wpex-relative wpex-mb-20\"><img data-no-lazy=\"1\" class=\"wpex-align-middle skip-lazy\" src=\"https:\/\/www.fourchette.com\/wp-content\/uploads\/sites\/2\/2022\/12\/Lode-Verheyen-Tarmasie-Fourchette-400x800.jpg\" alt=\"\" width=\"400\" height=\"800\"><\/div><\/figure><\/div><\/div><\/div>[\/vc_column][vc_column width=\u00a0\u00bb1\/2&Prime; ]<style>.vcex-heading.vcex_69f399707a966{width:80%;}<\/style><h2 class=\"vcex-heading vcex-heading-plain vcex-module wpex-heading wpex-text-2xl wpex-h2 wpex-max-w-100 wpex-mr-auto golden vcex_69f399707a966\"><span class=\"vcex-heading-inner wpex-inline-block\">Chef Lode Verheyen, seigneur et ma\u00eetre de De Farmasie \u00e0 Vosselaar.<\/span><\/h2><div class=\"vcex-spacing wpex-w-100 wpex-clear\"><\/div>[vc_column_text width=\u00a0\u00bb80%\u00a0\u00bb align=\u00a0\u00bbleft\u00a0\u00bb]Pour nous, une recette est avant tout une question de qualit\u00e9, de fra\u00eecheur et d&rsquo;ingr\u00e9dients frais. Ce sont les \u00e9l\u00e9ments cl\u00e9s de notre cuisine.<br \/>\nEn collaboration avec Groentegeweld de Weelde, presque tous les l\u00e9gumes proviennent directement de l&rsquo;agriculteur local. De la ferme \u00e0 la table dans son sens le plus pur.<\/p>\n<p>En outre, nous organisons r\u00e9guli\u00e8rement des soir\u00e9es th\u00e9matiques anim\u00e9es o\u00f9 nos fournisseurs et leurs produits sont mis en valeur. c&rsquo;est en partie gr\u00e2ce \u00e0 eux que nous sommes fiers de ce que nous pouvons proposer dans votre assiette et dans votre verre.[\/vc_column_text][\/vc_column][\/vc_row][vc_row full_width=\u00a0\u00bbstretch_row\u00a0\u00bb equal_height=\u00a0\u00bbyes\u00a0\u00bb el_class=\u00a0\u00bbgold-gradient-row\u00a0\u00bb][vc_column width=\u00a0\u00bb1\/2&Prime;]<h1 class=\"vcex-heading vcex-heading-plain vcex-module wpex-heading wpex-text-2xl wpex-h1\"><span class=\"vcex-heading-inner wpex-inline-block\">Le concept de Farmasie est simple<\/span><\/h1>[\/vc_column][vc_column width=\u00a0\u00bb1\/2&Prime;][vc_column_text]R\u00e9cemment, nous avons \u00e9galement inclus Fourchette dans la gamme, car nous croyons \u00e0 la puret\u00e9 du produit et \u00e0 l&rsquo;histoire du brasseur.<\/p>\n<p>&#8211; Chef Lode Verheyen -[\/vc_column_text][\/vc_column][\/vc_row][vc_row ][vc_column width=\u00a0\u00bb1\/2&Prime; ]<style>.vcex-heading.vcex_69f399707b2a5{width:80%;}<\/style><h1 class=\"vcex-heading vcex-heading-plain vcex-module wpex-heading wpex-text-2xl wpex-h1 wpex-max-w-100 wpex-mr-auto golden vcex_69f399707b2a5\"><span class=\"vcex-heading-inner wpex-inline-block\">Envie d'un d\u00e9licieux d\u00eener \u00e0 Vosselaar ?<\/span><\/h1><div class=\"vcex-spacing wpex-w-100 wpex-clear\"><\/div>[vc_column_text width=\u00a0\u00bb80%\u00a0\u00bb align=\u00a0\u00bbleft\u00a0\u00bb]La Farmasie<br \/>\nAntwerpsesteenweg 223<br \/>\n2350 Vosselaar<\/p>\n<p><a href=\"https:\/\/www.defarmasie.be\" target=\"_blank\" rel=\"noopener\">www.defarmasie.be<\/a>[\/vc_column_text][\/vc_column][vc_column width=\u00a0\u00bb1\/2&Prime;]<style>.vcex-image-grid.vcex_69f399707b724{--wpex-row-gap:0px;}<\/style><div class=\"vcex-image-grid-wrap\"><div class=\"vcex-module vcex-image-grid grid-style-no-margins wpex-row wpex-clr vcex-isotope-grid no-transition wpex-overflow-hidden vcex-no-margin-grid vcex_69f399707b724\" data-transition-duration=\"0.0\"><div class=\"id-2816 vcex-image-grid-entry vcex-grid-item vcex-isotope-entry wpex-text-center vcex-no-margin-entry span_1_of_2 col col-1\"><figure class=\"vcex-image-grid-entry-figure wpex-last-mb-0 wpex-clr\"><div class=\"vcex-image-grid-entry-img entry-media wpex-relative wpex-mb-20\"><img data-no-lazy=\"1\" class=\"wpex-align-middle skip-lazy\" src=\"https:\/\/www.fourchette.com\/wp-content\/uploads\/sites\/2\/2022\/12\/Lode-Verheyen-Tarmasie-Fourchette-400x800.png\" alt=\"\" width=\"400\" height=\"800\"><\/div><\/figure><\/div><div class=\"id-2626 vcex-image-grid-entry vcex-grid-item vcex-isotope-entry wpex-text-center vcex-no-margin-entry span_1_of_2 col col-2\"><figure class=\"vcex-image-grid-entry-figure wpex-last-mb-0 wpex-clr\"><div class=\"vcex-image-grid-entry-img entry-media wpex-relative wpex-mb-20\"><img data-no-lazy=\"1\" class=\"wpex-align-middle skip-lazy\" alt=\"Fourchette - packshot - 33cl\" src=\"https:\/\/www.fourchette.com\/wp-content\/uploads\/sites\/2\/2022\/12\/FOURCHETTE_BOTTLE_33cl_STILL_HR_04-scaled-400x800.jpg\" width=\"400\" height=\"800\"><\/div><\/figure><\/div><\/div><\/div>[\/vc_column][\/vc_row]\n<\/div>","protected":false},"excerpt":{"rendered":"<p>[vc_row ][vc_column width=\u00a0\u00bb1\/2&Prime;][\/vc_column][vc_column width=\u00a0\u00bb1\/2&Prime; ][vc_column_text width=\u00a0\u00bb80%\u00a0\u00bb align=\u00a0\u00bbleft\u00a0\u00bb]Pour nous, une recette est avant tout une question de qualit\u00e9, de fra\u00eecheur et d&rsquo;ingr\u00e9dients frais. Ce sont les \u00e9l\u00e9ments cl\u00e9s de notre cuisine. En collaboration avec Groentegeweld de Weelde, presque tous les l\u00e9gumes proviennent directement de l&rsquo;agriculteur local. De la ferme \u00e0 la table dans son sens le&hellip;<\/p>\n","protected":false},"author":2,"featured_media":2812,"comment_status":"open","ping_status":"open","sticky":false,"template":"","format":"standard","meta":{"_acf_changed":false,"_analytify_skip_tracking":false,"footnotes":""},"categories":[52],"tags":[],"class_list":["post-3000","post","type-post","status-publish","format-standard","has-post-thumbnail","hentry","category-chefs-places-fr","entry","no-media"],"acf":[],"_links":{"self":[{"href":"https:\/\/www.fourchette.com\/fr\/wp-json\/wp\/v2\/posts\/3000","targetHints":{"allow":["GET"]}}],"collection":[{"href":"https:\/\/www.fourchette.com\/fr\/wp-json\/wp\/v2\/posts"}],"about":[{"href":"https:\/\/www.fourchette.com\/fr\/wp-json\/wp\/v2\/types\/post"}],"author":[{"embeddable":true,"href":"https:\/\/www.fourchette.com\/fr\/wp-json\/wp\/v2\/users\/2"}],"replies":[{"embeddable":true,"href":"https:\/\/www.fourchette.com\/fr\/wp-json\/wp\/v2\/comments?post=3000"}],"version-history":[{"count":3,"href":"https:\/\/www.fourchette.com\/fr\/wp-json\/wp\/v2\/posts\/3000\/revisions"}],"predecessor-version":[{"id":3222,"href":"https:\/\/www.fourchette.com\/fr\/wp-json\/wp\/v2\/posts\/3000\/revisions\/3222"}],"wp:featuredmedia":[{"embeddable":true,"href":"https:\/\/www.fourchette.com\/fr\/wp-json\/wp\/v2\/media\/2812"}],"wp:attachment":[{"href":"https:\/\/www.fourchette.com\/fr\/wp-json\/wp\/v2\/media?parent=3000"}],"wp:term":[{"taxonomy":"category","embeddable":true,"href":"https:\/\/www.fourchette.com\/fr\/wp-json\/wp\/v2\/categories?post=3000"},{"taxonomy":"post_tag","embeddable":true,"href":"https:\/\/www.fourchette.com\/fr\/wp-json\/wp\/v2\/tags?post=3000"}],"curies":[{"name":"wp","href":"https:\/\/api.w.org\/{rel}","templated":true}]}}