{"id":4455,"date":"2023-05-31T16:51:43","date_gmt":"2023-05-31T14:51:43","guid":{"rendered":"https:\/\/www.fourchette.com\/?p=4455"},"modified":"2023-05-31T17:22:19","modified_gmt":"2023-05-31T15:22:19","slug":"nouveau-fourchette-grand-cru","status":"publish","type":"post","link":"https:\/\/www.fourchette.com\/fr\/nouveau-fourchette-grand-cru\/","title":{"rendered":"Nouveau Fourchette Grand Cru"},"content":{"rendered":"<div class=\"wpb-content-wrapper\">[vc_row][vc_column width=\u00a0\u00bb2\/3&Prime;][vc_column_text]D\u00e9couvrez le nouveau <a href=\"https:\/\/www.fourchette.com\/product\/1-x-75-cl-fourchette-grand-cru\/\" target=\"_blank\" rel=\"noopener\"><strong>Fourchette Grand Cru<\/strong><\/a> une bi\u00e8re en \u00e9dition limit\u00e9e dont seulement 8 000 bouteilles ont \u00e9t\u00e9 embouteill\u00e9es. Cette bi\u00e8re a \u00e9t\u00e9 lanc\u00e9e de mani\u00e8re festive lors de l&rsquo;\u00e9v\u00e9nement <strong><a href=\"https:\/\/thisisfourchette.be\/\" target=\"_blank\" rel=\"noopener\">\u00e9v\u00e9nement Fourchette<\/a><\/strong> les 27-28-29 mai 2023 \u00e0 Gand,[\/vc_column_text][\/vc_column][vc_column width=\u00a0\u00bb1\/3&Prime;][\/vc_column][\/vc_row][vc_row content_placement=\u00a0\u00bbmiddle\u00a0\u00bb equal_height=\u00a0\u00bbyes\u00a0\u00bb][vc_column width=\u00a0\u00bb1\/2&Prime;]<style>.vcex-image-grid.vcex_69f3a9539823d{--wpex-row-gap:0px;}<\/style><div class=\"vcex-image-grid-wrap\"><div class=\"vcex-module vcex-image-grid grid-style-no-margins wpex-row wpex-clr vcex-isotope-grid no-transition wpex-overflow-hidden vcex-no-margin-grid vcex_69f3a9539823d\" data-transition-duration=\"0.0\"><div class=\"id-4461 vcex-image-grid-entry vcex-grid-item vcex-isotope-entry wpex-text-center vcex-no-margin-entry span_1_of_2 col col-1\"><figure class=\"vcex-image-grid-entry-figure wpex-last-mb-0 wpex-clr\"><div class=\"vcex-image-grid-entry-img entry-media wpex-relative wpex-mb-20\"><img data-no-lazy=\"1\" class=\"wpex-align-middle skip-lazy\" alt=\"Fourchette die ligt te rijpen op Sauvignon blanc vaten\" src=\"https:\/\/www.fourchette.com\/wp-content\/uploads\/sites\/2\/2023\/05\/Fourchette-Grand-Cru-Sauvignon-Blanc-400x800.png\" width=\"400\" height=\"800\"><\/div><\/figure><\/div><div class=\"id-4431 vcex-image-grid-entry vcex-grid-item vcex-isotope-entry wpex-text-center vcex-no-margin-entry span_1_of_2 col col-2\"><figure class=\"vcex-image-grid-entry-figure wpex-last-mb-0 wpex-clr\"><div class=\"vcex-image-grid-entry-img entry-media wpex-relative wpex-mb-20\"><img data-no-lazy=\"1\" class=\"wpex-align-middle skip-lazy\" alt=\"Fourchette Grand cru, da is fourchette dat meer dan 20 maanden gerijpt heeft op Sauvignon Blanc vaten.\" src=\"https:\/\/www.fourchette.com\/wp-content\/uploads\/sites\/2\/2023\/05\/FOURCHETTE_GRAND_CRU_6G6A7115-min-scaled-400x800.jpg\" width=\"400\" height=\"800\"><\/div><\/figure><\/div><\/div><\/div>[\/vc_column][vc_column width=\u00a0\u00bb1\/2&Prime;]<style>.vcex-heading.vcex_69f3a95399851{width:80%;}<\/style><h1 class=\"vcex-heading vcex-heading-plain vcex-module wpex-heading wpex-text-2xl wpex-h1 wpex-max-w-100 wpex-mr-auto golden vcex_69f3a95399851\"><span class=\"vcex-heading-inner wpex-inline-block\">Vieilli en barriques de sauvignon blanc<\/span><\/h1><div class=\"vcex-spacing wpex-w-100 wpex-clear\"><\/div>[vc_column_text width=\u00a0\u00bb80%\u00a0\u00bb align=\u00a0\u00bbleft\u00a0\u00bb]Cette Fourchette Grand Cru s&rsquo;inspire de la bi\u00e8re Fourchette classique, mais lui donne une tournure unique. Pour cette \u00e9dition sp\u00e9ciale, la bi\u00e8re a \u00e9t\u00e9 vieillie pendant pas moins de 20 mois dans des f\u00fbts de sauvignon blanc.<\/p>\n<p>Cette maturation prolong\u00e9e en f\u00fbts de ch\u00eane cr\u00e9e un <strong>profil aromatique extraordinaire<\/strong>. En d\u00e9gustant cette bi\u00e8re, vous d\u00e9couvrirez de subtiles notes l\u00e9g\u00e8rement acides et un soup\u00e7on d&rsquo;agrumes. La maturation en f\u00fbts de vin a donn\u00e9 \u00e0 la bi\u00e8re une dimension rafra\u00eechissante. Il est \u00e0 la fois doux et puissant, complexe et \u00e9quilibr\u00e9. La fourchette est un choix d\u00e9lib\u00e9r\u00e9 qui est toujours le bon. C&rsquo;est tout simplement la bi\u00e8re la plus extraordinaire qui soit.[\/vc_column_text][\/vc_column][\/vc_row][vc_row full_width=\u00a0\u00bbstretch_row\u00a0\u00bb equal_height=\u00a0\u00bbyes\u00a0\u00bb el_class=\u00a0\u00bbgold-gradient-row\u00a0\u00bb][vc_column width=\u00a0\u00bb1\/2&Prime;]<h1 class=\"vcex-heading vcex-heading-plain vcex-module wpex-heading wpex-text-2xl wpex-h1\"><span class=\"vcex-heading-inner wpex-inline-block\">L'art du plaisir<\/span><\/h1>[\/vc_column][vc_column width=\u00a0\u00bb1\/2&Prime;][vc_column_text]\u00a0\u00bbNon seulement cette bi\u00e8re est un chef-d&rsquo;\u0153uvre d&rsquo;artisanat et de passion, mais m\u00eame les grands chefs cuisiniers reconnaissent ses qualit\u00e9s uniques. Selon Jef Versele, propri\u00e9taire de la brasserie Vansteenberge, il s&rsquo;agit probablement de l&rsquo;une des meilleures bi\u00e8res qu&rsquo;il ait jamais brass\u00e9es.<\/p>\n<p>C&rsquo;est un hommage \u00e0 l&rsquo;<strong>harmonie entre l&rsquo;art brassicole et la cr\u00e9ativit\u00e9 culinaire<\/strong>. Il ajoute : \u00ab\u00a0C&rsquo;est un d\u00e9vouement sans limite \u00e0 l&rsquo;art du plaisir et une exp\u00e9rience gustative in\u00e9gal\u00e9e qui transcende les normes culinaires\u00a0\u00bb.[\/vc_column_text][\/vc_column][\/vc_row][vc_row content_placement=\u00a0\u00bbmiddle\u00a0\u00bb equal_height=\u00a0\u00bbyes\u00a0\u00bb][vc_column width=\u00a0\u00bb1\/2&Prime;]<style>.vcex-heading.vcex_69f3a9539a133{width:80%;}<\/style><h1 class=\"vcex-heading vcex-heading-plain vcex-module wpex-heading wpex-text-2xl wpex-h1 wpex-max-w-100 wpex-mr-auto golden vcex_69f3a9539a133\"><span class=\"vcex-heading-inner wpex-inline-block\">La bi\u00e8re parfaite pour l'ap\u00e9ritif<\/span><\/h1><div class=\"vcex-spacing wpex-w-100 wpex-clear\"><\/div>[vc_column_text width=\u00a0\u00bb80%\u00a0\u00bb align=\u00a0\u00bbleft\u00a0\u00bb]La bi\u00e8re Fourchette Grand Cru convient parfaitement \u00e0 l&rsquo;ap\u00e9ritif. C&rsquo;est une bi\u00e8re polyvalente qui se marie parfaitement avec diff\u00e9rents ap\u00e9ritifs. Que vous optiez pour un plateau de fromages \u00e0 p\u00e2te molle, un assortiment de viandes fines ou m\u00eame des bruschettas savoureuses, cette bi\u00e8re sera toujours un bon compagnon. Ses notes fra\u00eeches et l\u00e9g\u00e8rement acidul\u00e9es se combinent harmonieusement avec une large palette de saveurs.[\/vc_column_text][\/vc_column][vc_column width=\u00a0\u00bb1\/2&Prime;]<style>.vcex-image-grid.vcex_69f3a9539a58e{--wpex-row-gap:0px;}<\/style><div class=\"vcex-image-grid-wrap\"><div class=\"vcex-module vcex-image-grid grid-style-no-margins wpex-row wpex-clr vcex-isotope-grid no-transition wpex-overflow-hidden vcex-no-margin-grid vcex_69f3a9539a58e\" data-transition-duration=\"0.0\"><div class=\"id-4416 vcex-image-grid-entry vcex-grid-item vcex-isotope-entry wpex-text-center vcex-no-margin-entry span_1_of_2 col col-1\"><figure class=\"vcex-image-grid-entry-figure wpex-last-mb-0 wpex-clr\"><div class=\"vcex-image-grid-entry-img entry-media wpex-relative wpex-mb-20\"><img data-no-lazy=\"1\" class=\"wpex-align-middle skip-lazy\" alt=\"Fourchette Grand cru, qui est une Fourchette vieillie pendant plus de 10 mois dans des f\u00fbts de Sauvignon Blanc.\" src=\"https:\/\/www.fourchette.com\/wp-content\/uploads\/sites\/2\/2023\/05\/FOURCHETTE_GRAND_CRU_6G6A7021-min-400x800.jpg\" width=\"400\" height=\"800\"><\/div><\/figure><\/div><div class=\"id-4425 vcex-image-grid-entry vcex-grid-item vcex-isotope-entry wpex-text-center vcex-no-margin-entry span_1_of_2 col col-2\"><figure class=\"vcex-image-grid-entry-figure wpex-last-mb-0 wpex-clr\"><div class=\"vcex-image-grid-entry-img entry-media wpex-relative wpex-mb-20\"><img data-no-lazy=\"1\" class=\"wpex-align-middle skip-lazy\" alt=\"Fourchette Grand cru, qui est une Fourchette vieillie pendant plus de 10 mois dans des f\u00fbts de Sauvignon Blanc.\" src=\"https:\/\/www.fourchette.com\/wp-content\/uploads\/sites\/2\/2023\/05\/FOURCHETTE_GRAND_CRU_6G6A7089-min-400x800.jpg\" width=\"400\" height=\"800\"><\/div><\/figure><\/div><\/div><\/div>[\/vc_column][\/vc_row][vc_row content_placement=\u00a0\u00bbmiddle\u00a0\u00bb equal_height=\u00a0\u00bbyes\u00a0\u00bb][vc_column width=\u00a0\u00bb1\/2&Prime;]<style>.vcex-image-grid.vcex_69f3a9539b70a{--wpex-row-gap:0px;}<\/style><div class=\"vcex-image-grid-wrap\"><div class=\"vcex-module vcex-image-grid grid-style-no-margins wpex-row wpex-clr vcex-isotope-grid no-transition wpex-overflow-hidden vcex-no-margin-grid vcex_69f3a9539b70a\" data-transition-duration=\"0.0\"><div class=\"id-4465 vcex-image-grid-entry vcex-grid-item vcex-isotope-entry wpex-text-center vcex-no-margin-entry span_1_of_2 col col-1\"><figure class=\"vcex-image-grid-entry-figure wpex-last-mb-0 wpex-clr\"><div class=\"vcex-image-grid-entry-img entry-media wpex-relative wpex-mb-20\"><img data-no-lazy=\"1\" class=\"wpex-align-middle skip-lazy\" alt=\"sfeerbeeld van Fourchette dat op sauvignon Blanc vaten ligt te rijpen\" src=\"https:\/\/www.fourchette.com\/wp-content\/uploads\/sites\/2\/2023\/05\/Fourchette-Sauvignon-Blanc-vaten-400x800.jpg\" width=\"400\" height=\"800\"><\/div><\/figure><\/div><div class=\"id-2764 vcex-image-grid-entry vcex-grid-item vcex-isotope-entry wpex-text-center vcex-no-margin-entry span_1_of_2 col col-2\"><figure class=\"vcex-image-grid-entry-figure wpex-last-mb-0 wpex-clr\"><div class=\"vcex-image-grid-entry-img entry-media wpex-relative wpex-mb-20\"><img data-no-lazy=\"1\" class=\"wpex-align-middle skip-lazy\" alt=\"Tasting Fourchette - Jef Versele\" src=\"https:\/\/www.fourchette.com\/wp-content\/uploads\/sites\/2\/2022\/12\/Fourchette-brouwerij-van-steenberge_Jef-Versele_01-400x800.png\" width=\"400\" height=\"800\"><\/div><\/figure><\/div><\/div><\/div>[\/vc_column][vc_column width=\u00a0\u00bb1\/2&Prime;]<style>.vcex-heading.vcex_69f3a9539c6df{width:80%;}<\/style><h1 class=\"vcex-heading vcex-heading-plain vcex-module wpex-heading wpex-text-2xl wpex-h1 wpex-max-w-100 wpex-mr-auto golden vcex_69f3a9539c6df\"><span class=\"vcex-heading-inner wpex-inline-block\">Une bi\u00e8re \u00e0 d\u00e9couvrir<\/span><\/h1><div class=\"vcex-spacing wpex-w-100 wpex-clear\"><\/div>[vc_column_text width=\u00a0\u00bb80%\u00a0\u00bb align=\u00a0\u00bbleft\u00a0\u00bb]La Fourchette n&rsquo;est pas seulement une bi\u00e8re \u00e0 d\u00e9guster, mais une v\u00e9ritable exp\u00e9rience. Une bi\u00e8re n\u00e9e de l&rsquo;esprit curieux et de l&rsquo;\u00e2me passionn\u00e9e d&rsquo;un chef et d&rsquo;un brasseur de la sixi\u00e8me g\u00e9n\u00e9ration.<\/p>\n<p>Cette \u00e9dition limit\u00e9e de Fourchette Grand Cru est un v\u00e9ritable tr\u00e9sor. Avec son profil gustatif unique et sa disponibilit\u00e9 limit\u00e9e, elle constitue un ajout pr\u00e9cieux \u00e0 la gamme de la brasserie Van Steenberge.<\/p>\n<p>Prendre du temps pour soi apr\u00e8s une journ\u00e9e de travail, s&rsquo;offrir un moment de luxe le week-end&#8230; Cela doit passer par une bi\u00e8re qui souligne ce moment pour soi. D\u00e8s que vous vous servez une Fourchette, le quotidien devient extraordinaire.[\/vc_column_text][\/vc_column][\/vc_row][vc_row][vc_column width=\u00a0\u00bb2\/3&Prime;][vc_column_text]Fourchette Grand Cru est disponible en quantit\u00e9 limit\u00e9e dans notre <a href=\"https:\/\/www.fourchette.com\/shop\/\">magasin en ligne<\/a>.<\/p>\n<p>Plus d&rsquo;informations sur l&rsquo;<a href=\"https:\/\/thisisfourchette.be\/\" target=\"_blank\" rel=\"noopener\">\u00e9v\u00e9nement Fourchette<\/a>.<\/p>\n<p>Article r\u00e9dig\u00e9 par <a href=\"https:\/\/alicebown.com\/\" target=\"_blank\" rel=\"noopener\">alicebown.agency<\/a>[\/vc_column_text][\/vc_column][vc_column width=\u00a0\u00bb1\/3&Prime;][\/vc_column][\/vc_row]\n<\/div>","protected":false},"excerpt":{"rendered":"<p>[vc_row][vc_column width=\u00a0\u00bb2\/3&Prime;][vc_column_text]D\u00e9couvrez le nouveau Fourchette Grand Cru une bi\u00e8re en \u00e9dition limit\u00e9e dont seulement 8 000 bouteilles ont \u00e9t\u00e9 embouteill\u00e9es. Cette bi\u00e8re a \u00e9t\u00e9 lanc\u00e9e de mani\u00e8re festive lors de l&rsquo;\u00e9v\u00e9nement \u00e9v\u00e9nement Fourchette les 27-28-29 mai 2023 \u00e0 Gand,[\/vc_column_text][\/vc_column][vc_column width=\u00a0\u00bb1\/3&Prime;][\/vc_column][\/vc_row][vc_row content_placement=\u00a0\u00bbmiddle\u00a0\u00bb equal_height=\u00a0\u00bbyes\u00a0\u00bb][vc_column width=\u00a0\u00bb1\/2&Prime;][\/vc_column][vc_column width=\u00a0\u00bb1\/2&Prime;][vc_column_text width=\u00a0\u00bb80%\u00a0\u00bb align=\u00a0\u00bbleft\u00a0\u00bb]Cette Fourchette Grand Cru s&rsquo;inspire de la bi\u00e8re Fourchette classique,&hellip;<\/p>\n","protected":false},"author":2,"featured_media":4416,"comment_status":"open","ping_status":"open","sticky":false,"template":"","format":"standard","meta":{"_acf_changed":false,"_analytify_skip_tracking":false,"footnotes":""},"categories":[40],"tags":[],"class_list":["post-4455","post","type-post","status-publish","format-standard","has-post-thumbnail","hentry","category-mark-the-moment","entry","no-media"],"acf":[],"_links":{"self":[{"href":"https:\/\/www.fourchette.com\/fr\/wp-json\/wp\/v2\/posts\/4455","targetHints":{"allow":["GET"]}}],"collection":[{"href":"https:\/\/www.fourchette.com\/fr\/wp-json\/wp\/v2\/posts"}],"about":[{"href":"https:\/\/www.fourchette.com\/fr\/wp-json\/wp\/v2\/types\/post"}],"author":[{"embeddable":true,"href":"https:\/\/www.fourchette.com\/fr\/wp-json\/wp\/v2\/users\/2"}],"replies":[{"embeddable":true,"href":"https:\/\/www.fourchette.com\/fr\/wp-json\/wp\/v2\/comments?post=4455"}],"version-history":[{"count":5,"href":"https:\/\/www.fourchette.com\/fr\/wp-json\/wp\/v2\/posts\/4455\/revisions"}],"predecessor-version":[{"id":4482,"href":"https:\/\/www.fourchette.com\/fr\/wp-json\/wp\/v2\/posts\/4455\/revisions\/4482"}],"wp:featuredmedia":[{"embeddable":true,"href":"https:\/\/www.fourchette.com\/fr\/wp-json\/wp\/v2\/media\/4416"}],"wp:attachment":[{"href":"https:\/\/www.fourchette.com\/fr\/wp-json\/wp\/v2\/media?parent=4455"}],"wp:term":[{"taxonomy":"category","embeddable":true,"href":"https:\/\/www.fourchette.com\/fr\/wp-json\/wp\/v2\/categories?post=4455"},{"taxonomy":"post_tag","embeddable":true,"href":"https:\/\/www.fourchette.com\/fr\/wp-json\/wp\/v2\/tags?post=4455"}],"curies":[{"name":"wp","href":"https:\/\/api.w.org\/{rel}","templated":true}]}}